{"id":41504,"date":"2026-04-28T13:28:41","date_gmt":"2026-04-28T11:28:41","guid":{"rendered":"https:\/\/www.curling.cz\/?p=41504"},"modified":"2026-04-28T13:28:51","modified_gmt":"2026-04-28T11:28:51","slug":"team-klima-the-summer-season-begins","status":"publish","type":"post","link":"https:\/\/www.curling.cz\/en\/team-klima-the-summer-season-begins\/","title":{"rendered":"Team Kl\u00edma: the summer season begins"},"content":{"rendered":"<p><strong>While Luk\u00e1\u0161 Kl\u00edma is still competing in Geneva at the World Mixed Doubles Championship, the men\u2019s Olympic team is already gradually moving into off\u2011season mode. What will they be doing during the ice\u2011free months? And how satisfied are they with their results at the World Championship? Luk\u00e1\u0161 Kl\u00edpa shares his thoughts.<\/strong><\/p>\n<div>\n<p><strong>You returned from the World Championship a few weeks ago \u2013 does that mark the end of your season?<br \/>\n<\/strong>The World Championship was our final tournament of the season as a team; some of the players then went on to compete in the Czech Mixed Championship. Now we are moving into post\u2011season meetings and preparations for the next season and the entire Olympic cycle.<\/p>\n<p><strong>How do you evaluate your result at the World Championship, and how did you feel about your performance?<br \/>\n<\/strong>Our minimum required goal was to qualify for the next World Championship, which we managed to achieve. Our next objective was to reach the playoffs, which we did not accomplish, and we are therefore not satisfied with our final 11th place. Overall, we played well at the tournament, but there were several games we lost narrowly\u2014often in an extra end or in the final end.<\/p>\n<p><strong>What are your plans for the summer? Will you focus on physical preparation, and what will be your main priorities?<br \/>\n<\/strong>Now we have a short period of rest to recover and regain energy for the next season. Over the summer, we will focus on off\u2011ice physical preparation, including cardio training and strength building in the gym. We will also hold tactical classroom sessions, reviewing our matches and discussing strategy, and we will continue working with our sports psychologist.<\/p>\n<\/div>\n","protected":false},"excerpt":{"rendered":"<p>While Luk\u00e1\u0161 Kl\u00edma is still competing in Geneva at the World Mixed Doubles Championship, the men\u2019s Olympic team is already gradually moving into off\u2011season mode. What will they be doing during the ice\u2011free months? And how satisfied are they with their results at the World Championship? Luk\u00e1\u0161 Kl\u00edpa shares his thoughts. You returned from the [&hellip;]<\/p>\n","protected":false},"author":3,"featured_media":41501,"comment_status":"closed","ping_status":"closed","sticky":false,"template":"","format":"standard","meta":{"_acf_changed":false,"footnotes":""},"categories":[25],"tags":[],"class_list":["post-41504","post","type-post","status-publish","format-standard","has-post-thumbnail","hentry","category-uncategorized"],"acf":[],"_links":{"self":[{"href":"https:\/\/www.curling.cz\/en\/wp-json\/wp\/v2\/posts\/41504","targetHints":{"allow":["GET"]}}],"collection":[{"href":"https:\/\/www.curling.cz\/en\/wp-json\/wp\/v2\/posts"}],"about":[{"href":"https:\/\/www.curling.cz\/en\/wp-json\/wp\/v2\/types\/post"}],"author":[{"embeddable":true,"href":"https:\/\/www.curling.cz\/en\/wp-json\/wp\/v2\/users\/3"}],"replies":[{"embeddable":true,"href":"https:\/\/www.curling.cz\/en\/wp-json\/wp\/v2\/comments?post=41504"}],"version-history":[{"count":1,"href":"https:\/\/www.curling.cz\/en\/wp-json\/wp\/v2\/posts\/41504\/revisions"}],"predecessor-version":[{"id":41505,"href":"https:\/\/www.curling.cz\/en\/wp-json\/wp\/v2\/posts\/41504\/revisions\/41505"}],"wp:featuredmedia":[{"embeddable":true,"href":"https:\/\/www.curling.cz\/en\/wp-json\/wp\/v2\/media\/41501"}],"wp:attachment":[{"href":"https:\/\/www.curling.cz\/en\/wp-json\/wp\/v2\/media?parent=41504"}],"wp:term":[{"taxonomy":"category","embeddable":true,"href":"https:\/\/www.curling.cz\/en\/wp-json\/wp\/v2\/categories?post=41504"},{"taxonomy":"post_tag","embeddable":true,"href":"https:\/\/www.curling.cz\/en\/wp-json\/wp\/v2\/tags?post=41504"}],"curies":[{"name":"wp","href":"https:\/\/api.w.org\/{rel}","templated":true}]}}